{"id":23089,"date":"2025-10-06T09:31:13","date_gmt":"2025-10-06T07:31:13","guid":{"rendered":"https:\/\/ostomaz.splet.arnes.si\/?p=23089"},"modified":"2025-10-07T14:20:58","modified_gmt":"2025-10-07T12:20:58","slug":"dan-uciteljev-na-osnovni-soli-sveti-tomaz","status":"publish","type":"post","link":"https:\/\/www.ostomaz.si\/?p=23089","title":{"rendered":"Dan u\u010diteljev v Osnovni \u0161oli Sveti Toma\u017e"},"content":{"rendered":"<p>V ponedeljek, 6. oktobra 2025, smo drugo \u0161olsko uro namenili prav posebnemu sre\u010danju. \u017de tradicionalno smo na spro\u0161\u010deno dru\u017eenje povabili upokojene strokovne delavce na\u0161e \u0161ole in vrtca ter jim ob tej prilo\u017enosti pripravili kratek kulturni program. Dogodek je bil posve\u010den svetovnemu dnevu u\u010diteljev, ki smo ga obele\u017eili dan prej, 5. oktobra, in nas vsako leto znova opominja na pomembno in neprecenljivo vlogo u\u010ditelja v dru\u017ebi.<\/p>\n<p>Vezno besedilo je brala Eva Tanaja Klemen\u010di\u010d, prizor iz Cankarjeve drame Hlapci pa so odigrali Nik \u0160krjanec, Matev\u017e Ge\u010d in Jan Bala\u017ei\u010d. V izbranem odlomku smo \u017eeleli posebej izpostaviti Jermanovo sporo\u010dilo, da je u\u010ditelj nosilec resnice in lu\u010di, ki osvetljuje pot prihodnjim generacijam. To misel smo v programu nadgradili s sprehodom od preteklosti do dana\u0161njega \u010dasa: od obdobja, ko je bil u\u010ditelj pogosto edini v vasi, ki je znal brati in pisati, do \u010dasa narodnega prebujanja, ko je postal varuh slovenske besede, kulture in identitete ter ljudem odpiral pot v \u0161irni svet. Danes u\u010ditelji u\u010dence vodijo skozi povsem nove izzive, od digitalnih kompetenc do \u017eivljenjskih ve\u0161\u010din, a v svojem bistvu ostajajo tisto, kar so bili vedno: vodniki, zgled in varna opora. \u010ceprav je njihova pot pogosto pre\u017eeta z izzivi, u\u010ditelj ostaja pokon\u010den, predan in neomajen. S svojim delom presega meje u\u010dilnice ter soustvarja prihodnost otrok in s tem prihodnost slovenskega naroda.<\/p>\n<p>Poseben pe\u010dat dnevu so dodali u\u010denci devetega razreda, ki so za kratek \u010das prevzeli vloge u\u010diteljev pri pouku. V vlogi ravnatelja se je preizkusil u\u010denec Nevio Majcen, ki je v zbornici nagovoril zbrane in jim namenil nekaj prijaznih besed. Njegovo sporo\u010dilo je dopolnil tudi ravnatelj Marko Lali\u0107.<\/p>\n<p>&nbsp;<\/p>\n<p>Drage u\u010diteljice in u\u010ditelji, vzgojiteljice, spo\u0161tovane upokojene kolegice in ostali sodelavci,<\/p>\n<p>danes praznujemo poklic, ki presega delo \u2013 praznujemo poslanstvo. Biti u\u010ditelj pomeni stopati na pot, na kateri se u\u010dimo skupaj z drugimi, rastemo z njimi in jim pomagamo, da najdejo svojo pot.<\/p>\n<p>Blizu mi je modrost Jana Amosa Komenskega, o\u010deta sodobne pedagogike, ki nas u\u010di, da je vsak u\u010denec svet zase, vsaka ura prilo\u017enost, in vsak u\u010ditelj lu\u010d, ki razsvetljuje pot drugim. V teh besedah se skriva bistvo u\u010diteljskega poklica. Vsak u\u010denec je resni\u010dno svoj svet \u2013 s svojimi vpra\u0161anji, strahovi, radovednostjo in sanjami. In u\u010ditelj je tisti, ki zna prisluhniti, ki zna najti klju\u010d do tega sveta, ne z oblastjo, temve\u010d z razumevanjem. Vsaka ura, ki jo pre\u017eivimo z u\u010denci, ni le del urnika, ampak prilo\u017enost \u2013 prilo\u017enost, da v nekom pri\u017egemo iskro zanimanja, morda celo spremenimo \u017eivljenjsko pot.<\/p>\n<p>U\u010ditelj je lu\u010d. A to ni lu\u010d, ki zaslepi, temve\u010d lu\u010d, ki vodi. Ne ka\u017ee, kam moramo iti, temve\u010d osvetljuje pot, da jo vsak lahko najde sam. In prav v tem je najve\u010dja veli\u010dina u\u010ditelja \u2013 da zna voditi brez vsiljevanja, da zna navdihniti brez pri\u010dakovanj, in da zna biti \u010dlovek med ljudmi.<\/p>\n<p>Posebna zahvala gre danes upokojenim u\u010diteljem, u\u010diteljicam in vzgojiteljicam. Vi ste tisti, ki ste to lu\u010d pri\u017eigali desetletja. Va\u0161 trud, va\u0161a potrpe\u017eljivost in va\u0161a modrost \u0161e danes svetijo v \u017eivljenjih mnogih, ki ste jih neko\u010d u\u010dili. Vsaka generacija u\u010diteljev stoji na ramenih tistih, ki so pri\u0161li pred njo \u2013 in danes vam za to iz srca hvale\u017eno poklanjamo spo\u0161tovanje.<\/p>\n<p>Ko gledamo naprej, v prihodnost, se u\u010ditelji ponovno znajdemo v svetu sprememb \u2013 digitalnih, dru\u017ebenih, miselnih. Toda kljub vsem tehnologijam, novim metodam in umetni inteligenci ostaja nekaj, \u010desar ni\u010d ne more nadomestiti: toplina \u010dlove\u0161kega odnosa. In prav to je temelj, na katerem bo vedno stala prava \u0161ola.<\/p>\n<p>Naj bo dana\u0161nji dan opomnik, da u\u010ditelj ni le poklic, temve\u010d obljuba \u2013 obljuba prihodnosti, da bomo znanje in \u010dlove\u010dnost prena\u0161ali naprej.<\/p>\n<p>Komenski bi rekel: \u201cVse, kar je, naj postane u\u010ditelj \u010dloveku.\u201d In prav vi, dragi u\u010ditelji, to misel vsak dan uresni\u010dujete.<\/p>\n<p>Hvala vam, ker u\u010dite z razumom in srcem, ker ohranjate lu\u010d \u017eivo \u2013 in ker verjamete, da v vsakem otroku tli svetloba, ki jo je vredno pomagati razplamteti.<\/p>\n<p>Ravnatelj: Marko Lali\u0107, prof.<\/p>\nngg_shortcode_0_placeholder\n","protected":false},"excerpt":{"rendered":"<p>V ponedeljek, 6. oktobra 2025, [&hellip;]<\/p>\n","protected":false},"author":735,"featured_media":23090,"comment_status":"closed","ping_status":"open","sticky":false,"template":"","format":"standard","meta":{"ngg_post_thumbnail":0,"footnotes":""},"categories":[267],"tags":[],"class_list":["post-23089","post","type-post","status-publish","format-standard","has-post-thumbnail","hentry","category-novice"],"_links":{"self":[{"href":"https:\/\/www.ostomaz.si\/index.php?rest_route=\/wp\/v2\/posts\/23089","targetHints":{"allow":["GET"]}}],"collection":[{"href":"https:\/\/www.ostomaz.si\/index.php?rest_route=\/wp\/v2\/posts"}],"about":[{"href":"https:\/\/www.ostomaz.si\/index.php?rest_route=\/wp\/v2\/types\/post"}],"author":[{"embeddable":true,"href":"https:\/\/www.ostomaz.si\/index.php?rest_route=\/wp\/v2\/users\/735"}],"replies":[{"embeddable":true,"href":"https:\/\/www.ostomaz.si\/index.php?rest_route=%2Fwp%2Fv2%2Fcomments&post=23089"}],"version-history":[{"count":7,"href":"https:\/\/www.ostomaz.si\/index.php?rest_route=\/wp\/v2\/posts\/23089\/revisions"}],"predecessor-version":[{"id":23236,"href":"https:\/\/www.ostomaz.si\/index.php?rest_route=\/wp\/v2\/posts\/23089\/revisions\/23236"}],"wp:featuredmedia":[{"embeddable":true,"href":"https:\/\/www.ostomaz.si\/index.php?rest_route=\/wp\/v2\/media\/23090"}],"wp:attachment":[{"href":"https:\/\/www.ostomaz.si\/index.php?rest_route=%2Fwp%2Fv2%2Fmedia&parent=23089"}],"wp:term":[{"taxonomy":"category","embeddable":true,"href":"https:\/\/www.ostomaz.si\/index.php?rest_route=%2Fwp%2Fv2%2Fcategories&post=23089"},{"taxonomy":"post_tag","embeddable":true,"href":"https:\/\/www.ostomaz.si\/index.php?rest_route=%2Fwp%2Fv2%2Ftags&post=23089"}],"curies":[{"name":"wp","href":"https:\/\/api.w.org\/{rel}","templated":true}]}}