{"id":22603,"date":"2025-05-26T13:22:45","date_gmt":"2025-05-26T11:22:45","guid":{"rendered":"https:\/\/ostomaz.splet.arnes.si\/?p=22603"},"modified":"2025-05-26T13:40:35","modified_gmt":"2025-05-26T11:40:35","slug":"drzavno-srecanje-folklornih-skupin-v-sentjerneju","status":"publish","type":"post","link":"https:\/\/www.ostomaz.si\/?p=22603","title":{"rendered":"Dr\u017eavno sre\u010danje folklornih skupin v \u0160entjerneju"},"content":{"rendered":"<div style=\"text-align: center\"><a href=\"https:\/\/video.arnes.si\/watch\/dry63zfl7lm5\" target=\"_blank\" rel=\"noopener\">https:\/\/video.arnes.si\/watch\/dry63zfl7lm5<\/a><\/div>\n<div>&nbsp;<\/div>\n<div>V soboto, 24. 5. 2025, so se \u0160krjan\u010dki, otro\u0161ka folklorna skupina na\u0161e \u0161ole pod mentorstvom Katarine Pondrk, udele\u017eili dr\u017eavnega sre\u010danja otro\u0161kih folklornih skupin. Dogodek je potekal v Kulturnem centru Primo\u017ea Trubarja v \u0160entjerneju in je zbral najbolj\u0161e folklorne skupine iz vse Slovenije. Na\u0161i \u0160krjan\u010dki so se na odru odli\u010dno odrezali in navdu\u0161ili ob\u010dinstvo s svojo energijo, pristnostjo ter spo\u0161tovanjem do slovenske kulturne dedi\u0161\u010dine. Zelo smo ponosni na njihove nastope, ki so plod trdega dela, vztrajnosti in ljubezni do folklornega ustvarjanja. Iskrene \u010destitke vsem sodelujo\u010dim!<\/div>\n<div>Mentorica: Katarina Pondrk<\/div>\n","protected":false},"excerpt":{"rendered":"<p>https:\/\/video.arnes.si\/watch\/dry63zfl7lm5 &nbsp; V soboto, 24. [&hellip;]<\/p>\n","protected":false},"author":735,"featured_media":6781,"comment_status":"closed","ping_status":"open","sticky":false,"template":"","format":"standard","meta":{"ngg_post_thumbnail":0,"footnotes":""},"categories":[267],"tags":[],"class_list":["post-22603","post","type-post","status-publish","format-standard","has-post-thumbnail","hentry","category-novice"],"_links":{"self":[{"href":"https:\/\/www.ostomaz.si\/index.php?rest_route=\/wp\/v2\/posts\/22603","targetHints":{"allow":["GET"]}}],"collection":[{"href":"https:\/\/www.ostomaz.si\/index.php?rest_route=\/wp\/v2\/posts"}],"about":[{"href":"https:\/\/www.ostomaz.si\/index.php?rest_route=\/wp\/v2\/types\/post"}],"author":[{"embeddable":true,"href":"https:\/\/www.ostomaz.si\/index.php?rest_route=\/wp\/v2\/users\/735"}],"replies":[{"embeddable":true,"href":"https:\/\/www.ostomaz.si\/index.php?rest_route=%2Fwp%2Fv2%2Fcomments&post=22603"}],"version-history":[{"count":5,"href":"https:\/\/www.ostomaz.si\/index.php?rest_route=\/wp\/v2\/posts\/22603\/revisions"}],"predecessor-version":[{"id":22609,"href":"https:\/\/www.ostomaz.si\/index.php?rest_route=\/wp\/v2\/posts\/22603\/revisions\/22609"}],"wp:featuredmedia":[{"embeddable":true,"href":"https:\/\/www.ostomaz.si\/index.php?rest_route=\/wp\/v2\/media\/6781"}],"wp:attachment":[{"href":"https:\/\/www.ostomaz.si\/index.php?rest_route=%2Fwp%2Fv2%2Fmedia&parent=22603"}],"wp:term":[{"taxonomy":"category","embeddable":true,"href":"https:\/\/www.ostomaz.si\/index.php?rest_route=%2Fwp%2Fv2%2Fcategories&post=22603"},{"taxonomy":"post_tag","embeddable":true,"href":"https:\/\/www.ostomaz.si\/index.php?rest_route=%2Fwp%2Fv2%2Ftags&post=22603"}],"curies":[{"name":"wp","href":"https:\/\/api.w.org\/{rel}","templated":true}]}}