{"id":21703,"date":"2024-10-20T17:08:51","date_gmt":"2024-10-20T15:08:51","guid":{"rendered":"https:\/\/ostomaz.splet.arnes.si\/?p=21703"},"modified":"2024-10-24T12:26:27","modified_gmt":"2024-10-24T10:26:27","slug":"kulturna-sola-3","status":"publish","type":"post","link":"https:\/\/www.ostomaz.si\/?p=21703","title":{"rendered":"Kulturna \u0161ola"},"content":{"rendered":"<div dir=\"auto\">O\u0160 Sveti Toma\u017e je obnovila naziv Kulturna \u0161ola.<\/div>\n<div dir=\"auto\">Zaradi neumornega dela mentorice folklornim skupinam, Katarine Pondrk in omembe vrednih dose\u017ekov, tudi na dr\u017eavni ravni, pa smo prejeli \u0161e \ud835\udde3\ud835\udde5\ud835\udddc\ud835\udded\ud835\udde1\ud835\uddd4\ud835\udde1\ud835\udddd\ud835\uddd8 \ud835\udded\ud835\uddd4 \ud835\udde3\ud835\udde2\ud835\udde6\ud835\uddd8\ud835\uddd5\ud835\udde1\ud835\uddd8 \ud835\uddd7\ud835\udde2\ud835\udde6\ud835\uddd8\u017d\ud835\uddde\ud835\uddd8 \ud835\udde1\ud835\uddd4 \ud835\udde3\ud835\udde2\ud835\uddd7\ud835\udde5\ud835\udde2\u010c\ud835\udddd\ud835\udde8 \ud835\uddd9\ud835\udde2\ud835\udddf\ud835\uddde\ud835\udddf\ud835\udde2\ud835\udde5\ud835\udde1\ud835\uddd8 \ud835\uddd7\ud835\uddd8\ud835\udddd\ud835\uddd4\ud835\udde9\ud835\udde1\ud835\udde2\ud835\udde6\ud835\udde7\ud835\udddc.<\/div>\n<div dir=\"auto\">&nbsp;<\/div>\n<div dir=\"auto\">Iskrene \u010destitke vsem mentorjem in mentoricam, ki na na\u0161i \u0161oli izvajate in spodbujate kulturno delovanje!<\/div>\n<div dir=\"auto\">&nbsp;<\/div>\n<div dir=\"auto\">ngg_shortcode_0_placeholder<\/div>\n","protected":false},"excerpt":{"rendered":"<p>O\u0160 Sveti Toma\u017e je obnovila [&hellip;]<\/p>\n","protected":false},"author":5660,"featured_media":21730,"comment_status":"closed","ping_status":"open","sticky":false,"template":"","format":"standard","meta":{"ngg_post_thumbnail":0,"footnotes":""},"categories":[1,267,268],"tags":[341,446,673,674],"class_list":["post-21703","post","type-post","status-publish","format-standard","has-post-thumbnail","hentry","category-neuvrsceno","category-novice","category-obvestila","tag-folklora","tag-kultura","tag-kulturna-sola","tag-priznanje"],"_links":{"self":[{"href":"https:\/\/www.ostomaz.si\/index.php?rest_route=\/wp\/v2\/posts\/21703","targetHints":{"allow":["GET"]}}],"collection":[{"href":"https:\/\/www.ostomaz.si\/index.php?rest_route=\/wp\/v2\/posts"}],"about":[{"href":"https:\/\/www.ostomaz.si\/index.php?rest_route=\/wp\/v2\/types\/post"}],"author":[{"embeddable":true,"href":"https:\/\/www.ostomaz.si\/index.php?rest_route=\/wp\/v2\/users\/5660"}],"replies":[{"embeddable":true,"href":"https:\/\/www.ostomaz.si\/index.php?rest_route=%2Fwp%2Fv2%2Fcomments&post=21703"}],"version-history":[{"count":1,"href":"https:\/\/www.ostomaz.si\/index.php?rest_route=\/wp\/v2\/posts\/21703\/revisions"}],"predecessor-version":[{"id":21705,"href":"https:\/\/www.ostomaz.si\/index.php?rest_route=\/wp\/v2\/posts\/21703\/revisions\/21705"}],"wp:featuredmedia":[{"embeddable":true,"href":"https:\/\/www.ostomaz.si\/index.php?rest_route=\/wp\/v2\/media\/21730"}],"wp:attachment":[{"href":"https:\/\/www.ostomaz.si\/index.php?rest_route=%2Fwp%2Fv2%2Fmedia&parent=21703"}],"wp:term":[{"taxonomy":"category","embeddable":true,"href":"https:\/\/www.ostomaz.si\/index.php?rest_route=%2Fwp%2Fv2%2Fcategories&post=21703"},{"taxonomy":"post_tag","embeddable":true,"href":"https:\/\/www.ostomaz.si\/index.php?rest_route=%2Fwp%2Fv2%2Ftags&post=21703"}],"curies":[{"name":"wp","href":"https:\/\/api.w.org\/{rel}","templated":true}]}}