{"id":21685,"date":"2024-10-17T13:26:59","date_gmt":"2024-10-17T11:26:59","guid":{"rendered":"https:\/\/ostomaz.splet.arnes.si\/?p=21685"},"modified":"2024-10-17T13:26:59","modified_gmt":"2024-10-17T11:26:59","slug":"planinski-izlet-na-zelenico","status":"publish","type":"post","link":"https:\/\/www.ostomaz.si\/?p=21685","title":{"rendered":"PLANINSKI IZLET NA ZELENICO"},"content":{"rendered":"<p>U\u010denci na\u0161e \u0161ole so se v soboto, 12. 10. 2024, odpravili na planinski izlet na Zelenico, ki ga je organiziralo Planinsko dru\u0161tvo Maks Me\u0161ko iz Ormo\u017ea. Zelenica, ki le\u017ei v Karavankah, je priljubljen cilj pohodnikov. V\u010dasih je bila znano smu\u010di\u0161\u010de, ki pa \u017ee vrsto let ne obratuje. Odstranili so vse naprave.<\/p>\n<p>Z avtobusom smo se iz Sv. Toma\u017ea odpeljali do Ljubelja in nato smo pot nadaljevali pe\u0161 do Planinskega doma na Zelenici, ki le\u017ei na 1536 m nadmorske vi\u0161ine. Od doma &nbsp;se je ena skupina povzpela na Ljubelj\u0161\u010dico. Ker pa je bila megla, nismo mogli videti na avstrijsko stran. Druga skupina je od\u0161la do Ko\u010de pri izviru Zavr\u0161nice. Ob povratku smo si pod Ljubeljem ogledali \u0161e ostanke koncentracijskega tabori\u0161\u010da, ki je bilo podru\u017enica znanega Mauthausna. Hodili smo pribli\u017eno 4 ure. Vreme je bilo bolj hladno, megleno, kar pa nas ni oviralo na poti. Tukaj si lahko ogledate nekaj utrinkov s poti.<\/p>\n<p>Prijazno povabilo vsem na zimski planinski izlet, ki bo v mesecu januarju.<\/p>\n<p>&nbsp;<\/p>\n<p>Mentorica: Silva Raku\u0161a<\/p>\n<p>&nbsp;<\/p>\nngg_shortcode_0_placeholder\n","protected":false},"excerpt":{"rendered":"<p>U\u010denci na\u0161e \u0161ole so se [&hellip;]<\/p>\n","protected":false},"author":5660,"featured_media":21686,"comment_status":"closed","ping_status":"open","sticky":false,"template":"","format":"standard","meta":{"ngg_post_thumbnail":0,"footnotes":""},"categories":[1,267,268],"tags":[642,672],"class_list":["post-21685","post","type-post","status-publish","format-standard","has-post-thumbnail","hentry","category-neuvrsceno","category-novice","category-obvestila","tag-planinski-izlet","tag-zelenica"],"_links":{"self":[{"href":"https:\/\/www.ostomaz.si\/index.php?rest_route=\/wp\/v2\/posts\/21685","targetHints":{"allow":["GET"]}}],"collection":[{"href":"https:\/\/www.ostomaz.si\/index.php?rest_route=\/wp\/v2\/posts"}],"about":[{"href":"https:\/\/www.ostomaz.si\/index.php?rest_route=\/wp\/v2\/types\/post"}],"author":[{"embeddable":true,"href":"https:\/\/www.ostomaz.si\/index.php?rest_route=\/wp\/v2\/users\/5660"}],"replies":[{"embeddable":true,"href":"https:\/\/www.ostomaz.si\/index.php?rest_route=%2Fwp%2Fv2%2Fcomments&post=21685"}],"version-history":[{"count":1,"href":"https:\/\/www.ostomaz.si\/index.php?rest_route=\/wp\/v2\/posts\/21685\/revisions"}],"predecessor-version":[{"id":21687,"href":"https:\/\/www.ostomaz.si\/index.php?rest_route=\/wp\/v2\/posts\/21685\/revisions\/21687"}],"wp:featuredmedia":[{"embeddable":true,"href":"https:\/\/www.ostomaz.si\/index.php?rest_route=\/wp\/v2\/media\/21686"}],"wp:attachment":[{"href":"https:\/\/www.ostomaz.si\/index.php?rest_route=%2Fwp%2Fv2%2Fmedia&parent=21685"}],"wp:term":[{"taxonomy":"category","embeddable":true,"href":"https:\/\/www.ostomaz.si\/index.php?rest_route=%2Fwp%2Fv2%2Fcategories&post=21685"},{"taxonomy":"post_tag","embeddable":true,"href":"https:\/\/www.ostomaz.si\/index.php?rest_route=%2Fwp%2Fv2%2Ftags&post=21685"}],"curies":[{"name":"wp","href":"https:\/\/api.w.org\/{rel}","templated":true}]}}