{"id":20989,"date":"2024-06-13T18:51:39","date_gmt":"2024-06-13T16:51:39","guid":{"rendered":"https:\/\/ostomaz.splet.arnes.si\/?p=20989"},"modified":"2024-06-13T20:32:25","modified_gmt":"2024-06-13T18:32:25","slug":"zlati-bralci","status":"publish","type":"post","link":"https:\/\/www.ostomaz.si\/?p=20989","title":{"rendered":"Zlati bralci"},"content":{"rendered":"<p>Dru\u0161tvo Bralna zna\u010dka Slovenije in ZPMS sta tudi letos ob zaklju\u010dku \u0161olskega leta organizirala prireditev za zlate&nbsp; bralce (u\u010dence, ki so vseh devet let opravili bralno zna\u010dko).<br \/>\nNa\u0161i deveto\u0161olci so se udele\u017eili prireditve Zlata bralka, zlati bralec, ki je potekala v Knji\u017enici Franca Ksavra Me\u0161ka Ormo\u017e.<br \/>\nU\u010denci, ki so vseh devet let pridno brali, so Jure Belec, Tia Brenholc, Maja Cizerl, Riana Jau\u0161ovec, Viktorija Kolbl, Ela&nbsp; Iman Megla, Gal Novak in Tobija Viher.<br \/>\nV leto\u0161njem Me\u0161kovem letu je bil gost Ciril Me\u0161ko, s katerim se je pogovarjala bibliotekarka Marijana Korotaj.<br \/>\nVsem deveto\u0161olcem v Sloveniji, ki so ves \u010das osnovne \u0161ole brali za bralno zna\u010dko, so letos podarili knjigo Mali \u010drv Oto Lovra Mati\u010da z ilustracijami Toma\u017ea Lavri\u010da.<br \/>\nPonosni smo, da v dana\u0161njih \u010dasih digitalnih vsebin u\u010denci \u0161e cenijo in gojijo ljubezen do knjige, saj le-te ostajajo neprecenljiv vir znanja, modrosti in osebne rasti.<\/p>\n<p>U\u010diteljica: Tanja Hebar<\/p>\nngg_shortcode_0_placeholder\n","protected":false},"excerpt":{"rendered":"<p>Dru\u0161tvo Bralna zna\u010dka Slovenije in [&hellip;]<\/p>\n","protected":false},"author":5660,"featured_media":20994,"comment_status":"closed","ping_status":"open","sticky":false,"template":"","format":"standard","meta":{"ngg_post_thumbnail":0,"footnotes":""},"categories":[1,267,268],"tags":[507,641],"class_list":["post-20989","post","type-post","status-publish","format-standard","has-post-thumbnail","hentry","category-neuvrsceno","category-novice","category-obvestila","tag-bralna-znacka","tag-zlati-bralci"],"_links":{"self":[{"href":"https:\/\/www.ostomaz.si\/index.php?rest_route=\/wp\/v2\/posts\/20989","targetHints":{"allow":["GET"]}}],"collection":[{"href":"https:\/\/www.ostomaz.si\/index.php?rest_route=\/wp\/v2\/posts"}],"about":[{"href":"https:\/\/www.ostomaz.si\/index.php?rest_route=\/wp\/v2\/types\/post"}],"author":[{"embeddable":true,"href":"https:\/\/www.ostomaz.si\/index.php?rest_route=\/wp\/v2\/users\/5660"}],"replies":[{"embeddable":true,"href":"https:\/\/www.ostomaz.si\/index.php?rest_route=%2Fwp%2Fv2%2Fcomments&post=20989"}],"version-history":[{"count":4,"href":"https:\/\/www.ostomaz.si\/index.php?rest_route=\/wp\/v2\/posts\/20989\/revisions"}],"predecessor-version":[{"id":20997,"href":"https:\/\/www.ostomaz.si\/index.php?rest_route=\/wp\/v2\/posts\/20989\/revisions\/20997"}],"wp:featuredmedia":[{"embeddable":true,"href":"https:\/\/www.ostomaz.si\/index.php?rest_route=\/wp\/v2\/media\/20994"}],"wp:attachment":[{"href":"https:\/\/www.ostomaz.si\/index.php?rest_route=%2Fwp%2Fv2%2Fmedia&parent=20989"}],"wp:term":[{"taxonomy":"category","embeddable":true,"href":"https:\/\/www.ostomaz.si\/index.php?rest_route=%2Fwp%2Fv2%2Fcategories&post=20989"},{"taxonomy":"post_tag","embeddable":true,"href":"https:\/\/www.ostomaz.si\/index.php?rest_route=%2Fwp%2Fv2%2Ftags&post=20989"}],"curies":[{"name":"wp","href":"https:\/\/api.w.org\/{rel}","templated":true}]}}