{"id":19947,"date":"2023-10-15T16:16:59","date_gmt":"2023-10-15T14:16:59","guid":{"rendered":"https:\/\/ostomaz.splet.arnes.si\/?p=19947"},"modified":"2023-10-17T11:01:17","modified_gmt":"2023-10-17T09:01:17","slug":"cosd-brezenka-cetrtek","status":"publish","type":"post","link":"https:\/\/www.ostomaz.si\/?p=19947","title":{"rendered":"CO\u0160D Bre\u017eenka \u010detrtek"},"content":{"rendered":"<p>Ne moremo verjeti, danes je \u017ee \u010detrtek, jutri gremo domov . Po opravljenem zajtrku in telovadbi,&nbsp; smo se odpravili v Portoro\u017e, na vrsti je bil turizem. Tega v Portoro\u017eu res ne manjka. Grand hotel Bernardin *****je res nekaj posebnega. Za njim se nam je prikazal hotel Histrion**** .&nbsp; Re\u0161evali u\u010dne liste, nato smo se pogovorili, kaj vse vpliva na turizem. Pot nas je vodila mimo sla\u0161\u010di\u010darne. Kak\u0161en sladoled. Mjami. Ste vedeli, da iz Portoro\u017ea lahko pridete v Strunjan skozi tunel, skozi njega je neko\u010d vozila \u017eeleznica. V Strunjanu blizu solin se je podoba kraja mo\u010dno spremenila. Najbolj nas je impresionirala naravna stena iz klifa. \u010cudovito. Pe\u0161a\u010dili smo mimo Pacuga in kon\u010dno uspeli priti v Bre\u017eenko. To pa je bil pohod in pol. Samo, da zve\u010der ne bi spet pe\u0161a\u010dili. Ko smo se najedli, naenkrat nismo bili ve\u010d utrujeni, saj je bil prosti \u010das za odbojko, dru\u017eabne igre, dru\u017eenje. \u010cakali sta nas \u0161e dve vsebini: raziskovali smo obre\u017eni pas morja. Ugotovili smo, da se morje zelo spreminja zaradi podnebnih sprememb. Saj druga\u010de se 12. oktobra ne bi mogli kopati. Nato smo pripravili \u0161koljke na istrski na\u010din. Ta se razlikuje od dalmatinskeg. V istrskem&nbsp; ne uporabljamo paradi\u017enikove mezge.&nbsp; Sami smo pripravili \u0161koljke pod u\u010diteljevim vodstvom. Veste, da me zelo mika, da vam izdam, kdo sta bila kuharja. Imam \u010dudovite posnetke, ki bodo zagledali lu\u010d na valeti. Zato vljudno vabljeni na na\u0161o valeto, kjer bo prikazano vse, kar ni za \u0161ir\u0161o javnost. Po ve\u010derji smo imeli zaklju\u010dni ples. Sr\u010dki so kar poskakovali po plesi\u0161\u010du. Mogo\u010de&nbsp; bi ostali \u0161e kak\u0161en dan? Jutri pa \u017ee domov. Lahko no\u010d.<\/p>\nngg_shortcode_0_placeholder\n","protected":false},"excerpt":{"rendered":"<p>Ne moremo verjeti, danes je [&hellip;]<\/p>\n","protected":false},"author":735,"featured_media":20028,"comment_status":"closed","ping_status":"open","sticky":false,"template":"","format":"standard","meta":{"ngg_post_thumbnail":0,"footnotes":""},"categories":[267],"tags":[],"class_list":["post-19947","post","type-post","status-publish","format-standard","has-post-thumbnail","hentry","category-novice"],"_links":{"self":[{"href":"https:\/\/www.ostomaz.si\/index.php?rest_route=\/wp\/v2\/posts\/19947","targetHints":{"allow":["GET"]}}],"collection":[{"href":"https:\/\/www.ostomaz.si\/index.php?rest_route=\/wp\/v2\/posts"}],"about":[{"href":"https:\/\/www.ostomaz.si\/index.php?rest_route=\/wp\/v2\/types\/post"}],"author":[{"embeddable":true,"href":"https:\/\/www.ostomaz.si\/index.php?rest_route=\/wp\/v2\/users\/735"}],"replies":[{"embeddable":true,"href":"https:\/\/www.ostomaz.si\/index.php?rest_route=%2Fwp%2Fv2%2Fcomments&post=19947"}],"version-history":[{"count":5,"href":"https:\/\/www.ostomaz.si\/index.php?rest_route=\/wp\/v2\/posts\/19947\/revisions"}],"predecessor-version":[{"id":20066,"href":"https:\/\/www.ostomaz.si\/index.php?rest_route=\/wp\/v2\/posts\/19947\/revisions\/20066"}],"wp:featuredmedia":[{"embeddable":true,"href":"https:\/\/www.ostomaz.si\/index.php?rest_route=\/wp\/v2\/media\/20028"}],"wp:attachment":[{"href":"https:\/\/www.ostomaz.si\/index.php?rest_route=%2Fwp%2Fv2%2Fmedia&parent=19947"}],"wp:term":[{"taxonomy":"category","embeddable":true,"href":"https:\/\/www.ostomaz.si\/index.php?rest_route=%2Fwp%2Fv2%2Fcategories&post=19947"},{"taxonomy":"post_tag","embeddable":true,"href":"https:\/\/www.ostomaz.si\/index.php?rest_route=%2Fwp%2Fv2%2Ftags&post=19947"}],"curies":[{"name":"wp","href":"https:\/\/api.w.org\/{rel}","templated":true}]}}