{"id":17737,"date":"2022-09-12T21:28:38","date_gmt":"2022-09-12T19:28:38","guid":{"rendered":"https:\/\/ostomaz.splet.arnes.si\/?p=17737"},"modified":"2022-09-12T21:33:33","modified_gmt":"2022-09-12T19:33:33","slug":"dvig-digitalne-kompetentnosti","status":"publish","type":"post","link":"https:\/\/www.ostomaz.si\/?p=17737","title":{"rendered":"Dvig digitalne kompetentnosti"},"content":{"rendered":"<h3><img loading=\"lazy\" decoding=\"async\" class=\"aligncenter\" src=\"https:\/\/www.os-sentrupert.si\/files\/2022\/06\/Banner_700-x-215-Dvig-digitalne-kompetence_samo-logo.png\" width=\"456\" height=\"140\"><\/h3>\n<h3><img loading=\"lazy\" decoding=\"async\" class=\"\" src=\"https:\/\/www.os-sentrupert.si\/files\/2022\/06\/Arnes_logotip.png\" width=\"126\" height=\"57\"> <img loading=\"lazy\" decoding=\"async\" class=\"\" src=\"https:\/\/www.os-sentrupert.si\/files\/2022\/06\/Logo_MIZS_slo.png\" width=\"284\" height=\"46\"> <img loading=\"lazy\" decoding=\"async\" class=\"\" src=\"https:\/\/www.os-sentrupert.si\/files\/2022\/06\/logotip-ZRSS_barvni.png\" width=\"82\" height=\"105\"> <img loading=\"lazy\" decoding=\"async\" class=\"\" src=\"https:\/\/www.os-sentrupert.si\/files\/2022\/06\/Logo_EKP_socialni_sklad_SLO_slogan.png\" width=\"151\" height=\"73\">&nbsp;<\/h3>\n<hr>\n<h3>Dvig digitalne kompetentnosti<\/h3>\n<h5>Nalo\u017ebo sofinancirata Republika Slovenija in Evropska unija iz Evropskega socialnega sklada<\/h5>\n<p>&nbsp;<\/p>\n<p><strong>Namen projekta<\/strong><\/p>\n<p>Namen projekta&nbsp;<a href=\"https:\/\/www.zrss.si\/projekti\/dvig-digitalne-kompetentnosti\/\" target=\"_blank\" rel=\"noopener\">Dvig digitalne kompetentnosti<\/a>&nbsp;je izbolj\u0161ati kakovost in u\u010dinkovitost izobra\u017eevanja ter spodbujati razvoj inovativnih u\u010dnih okolij in pro\u017enih oblik u\u010denja, ki bodo prispevali k dvigu digitalnih kompetenc vodstvenih in strokovnih delavcev ter u\u010dencev.<\/p>\n<p>&nbsp;<\/p>\n<p><strong>Cilj projekta<\/strong><\/p>\n<p>Razvoj pro\u017enej\u0161ih oblik u\u010denja s pomo\u010djo u\u010dinkovite rabe digitalnih tehnologij ter s tem spodbujanje strokovnih delavcev za reflektivno prakso, na\u010drtovanje ter udejanjanje lastnega strokovnega razvoja (digitalnih strategij \u0161ole, digitalnih kompetenc strokovnih delavcev in u\u010dencev).<\/p>\n<p>Izdelana digitalna strategija in na osnovi strategije izvedena usposabljanja ter uporaba pridobljenih znanj v vzgojno-izobra\u017eevalnem procesu. Digitalna strategija bo izdelana na podlagi analize stanja zaposlenih ter u\u010dencev \u0161ole in dejanskih potreb v vzgojno-izobra\u017eevalnem procesu.&nbsp;<\/p>\n<p>&nbsp;<\/p>\n<p><strong>Ciljne skupine<\/strong><\/p>\n<p>Zaposleni (ravnatelj, u\u010ditelji in drugo strokovno osebje) ter u\u010denci \u0161ole.<\/p>\n<p>&nbsp;<\/p>\n<p><strong>Dejavnosti v projektu<\/strong><\/p>\n<p>Analiza stanja zaposlenih in u\u010dencev \u0161ole z orodjem SELFIE (seznanitev z orodjem, izvedba vpra\u0161alnika, pregled rezultatov).<br \/>\nRefleksija rezultatov vpra\u0161alnika SELFIE \u2013 iskanje razlogov pri razli\u010dnih ocenah anketiranih, identificiranje prioritet za prihajajo\u010de \u0161olsko leto).<br \/>\nOblikovanje digitalne strategije \u0161ole.&nbsp;<br \/>\nSodelovanje z zunanjimi svetovalci.<br \/>\nUsposabljanja in izobra\u017eevanja za profesionalni razvoj zaposlenih, izmenjava primerov dobre rabe znotraj \u0161ole, vzpostavitev u\u010de\u010de se skupnosti digitalnih znanj in izku\u0161enj znotraj \u0161ole.<\/p>\n<p>&nbsp;<\/p>\n<p><strong>Pri\u010dakovani rezultati<\/strong><\/p>\n<p>Opolnomo\u010denje strokovnih delavcev \u0161ole za razvoj digitalnih strategij, strokovnih in pedago\u0161kih digitalnih kompetenc ter procesno razvijanje digitalnih kompetenc u\u010dencev.<\/p>\n<p>&nbsp;<\/p>\n<p><strong>Konzorcijski partnerji<\/strong><\/p>\n<p>Zavod Republike Slovenije za \u0161olstvo<br \/>\nAkademska in raziskovalna mre\u017ea Slovenije \u2013 ARNES&nbsp;<\/p>\n<p>&nbsp;<\/p>\n<p><strong>Finan\u010dna podpora<\/strong><\/p>\n<p>Skupna vi\u0161ina sredstev, namenjena za izvedbo projekta, je 1.950.000,00 EUR.<\/p>\n","protected":false},"excerpt":{"rendered":"<p>&nbsp; Dvig digitalne kompetentnosti Nalo\u017ebo [&hellip;]<\/p>\n","protected":false},"author":735,"featured_media":0,"comment_status":"closed","ping_status":"open","sticky":false,"template":"","format":"standard","meta":{"ngg_post_thumbnail":0,"footnotes":""},"categories":[267],"tags":[],"class_list":["post-17737","post","type-post","status-publish","format-standard","hentry","category-novice"],"_links":{"self":[{"href":"https:\/\/www.ostomaz.si\/index.php?rest_route=\/wp\/v2\/posts\/17737","targetHints":{"allow":["GET"]}}],"collection":[{"href":"https:\/\/www.ostomaz.si\/index.php?rest_route=\/wp\/v2\/posts"}],"about":[{"href":"https:\/\/www.ostomaz.si\/index.php?rest_route=\/wp\/v2\/types\/post"}],"author":[{"embeddable":true,"href":"https:\/\/www.ostomaz.si\/index.php?rest_route=\/wp\/v2\/users\/735"}],"replies":[{"embeddable":true,"href":"https:\/\/www.ostomaz.si\/index.php?rest_route=%2Fwp%2Fv2%2Fcomments&post=17737"}],"version-history":[{"count":3,"href":"https:\/\/www.ostomaz.si\/index.php?rest_route=\/wp\/v2\/posts\/17737\/revisions"}],"predecessor-version":[{"id":17741,"href":"https:\/\/www.ostomaz.si\/index.php?rest_route=\/wp\/v2\/posts\/17737\/revisions\/17741"}],"wp:attachment":[{"href":"https:\/\/www.ostomaz.si\/index.php?rest_route=%2Fwp%2Fv2%2Fmedia&parent=17737"}],"wp:term":[{"taxonomy":"category","embeddable":true,"href":"https:\/\/www.ostomaz.si\/index.php?rest_route=%2Fwp%2Fv2%2Fcategories&post=17737"},{"taxonomy":"post_tag","embeddable":true,"href":"https:\/\/www.ostomaz.si\/index.php?rest_route=%2Fwp%2Fv2%2Ftags&post=17737"}],"curies":[{"name":"wp","href":"https:\/\/api.w.org\/{rel}","templated":true}]}}