{"id":16877,"date":"2022-03-18T21:18:32","date_gmt":"2022-03-18T20:18:32","guid":{"rendered":"https:\/\/ostomaz.splet.arnes.si\/?p=16877"},"modified":"2022-03-18T21:19:51","modified_gmt":"2022-03-18T20:19:51","slug":"otroci-pojejo-slovenske-pesmi-in-se-veselijo-4","status":"publish","type":"post","link":"https:\/\/www.ostomaz.si\/?p=16877","title":{"rendered":"OTROCI POJEJO SLOVENSKE PESMI IN SE VESELIJO"},"content":{"rendered":"<p>V sredo 16.3. 2022 se je \u0161est u\u010denk na\u0161e \u0161ole predstavilo v 8.sezoni projekta Otroci pojejo slovenske pesmi in se veselijo. Leto\u0161nja novost je, da smo jih lahko preko dru\u017ebenih omre\u017eij spremljali v \u017eivo.<\/p>\n<p>V mlaj\u0161i kategoriji so se predstavile: Julija Budja in Ana Lesjak iz 5. razreda ter Sara Viher in Eva Tanaja Klemen\u010di\u010d iz 4. razreda.<\/p>\n<p>V starej\u0161i kategoriji sta sodelovali Glorija Vo\u010danec iz 6. razreda\u00a0 in Stela Hebar iz 9. razreda.<\/p>\n<p>V polfinale sta se uvrstili Sara Viher in Stela Hebar! Iskrene \u010destitke.<\/p>\n<p>Zapisala u\u010diteljica Aleksandra Kelemina Plemeni\u010d<\/p>\n<p><a href=\"https:\/\/www.ostomaz.si\/files\/2022\/03\/sara.jpg\"><img loading=\"lazy\" decoding=\"async\" class=\"aligncenter size-full wp-image-16878\" src=\"https:\/\/www.ostomaz.si\/files\/2022\/03\/sara.jpg\" alt=\"\" width=\"372\" height=\"209\" srcset=\"https:\/\/www.ostomaz.si\/files\/2022\/03\/sara.jpg 372w, https:\/\/www.ostomaz.si\/files\/2022\/03\/sara-300x169.jpg 300w\" sizes=\"auto, (max-width: 372px) 100vw, 372px\" \/><\/a><\/p>\n<p style=\"text-align: center\"><a href=\"https:\/\/www.ostomaz.si\/files\/2022\/03\/stela.jpg\"><img loading=\"lazy\" decoding=\"async\" class=\"aligncenter size-full wp-image-16879\" src=\"https:\/\/www.ostomaz.si\/files\/2022\/03\/stela.jpg\" alt=\"\" width=\"372\" height=\"209\" srcset=\"https:\/\/www.ostomaz.si\/files\/2022\/03\/stela.jpg 372w, https:\/\/www.ostomaz.si\/files\/2022\/03\/stela-300x169.jpg 300w\" sizes=\"auto, (max-width: 372px) 100vw, 372px\" \/><\/a><\/p>\n<p style=\"text-align: center\">Foto: \u010crtomir Goznik (vir: Radio Ptuj)<\/p>\n<p style=\"text-align: center\">\n","protected":false},"excerpt":{"rendered":"<p>V sredo 16.3. 2022 se [&hellip;]<\/p>\n","protected":false},"author":735,"featured_media":16879,"comment_status":"closed","ping_status":"open","sticky":false,"template":"","format":"standard","meta":{"ngg_post_thumbnail":0,"footnotes":""},"categories":[267],"tags":[],"class_list":["post-16877","post","type-post","status-publish","format-standard","has-post-thumbnail","hentry","category-novice"],"_links":{"self":[{"href":"https:\/\/www.ostomaz.si\/index.php?rest_route=\/wp\/v2\/posts\/16877","targetHints":{"allow":["GET"]}}],"collection":[{"href":"https:\/\/www.ostomaz.si\/index.php?rest_route=\/wp\/v2\/posts"}],"about":[{"href":"https:\/\/www.ostomaz.si\/index.php?rest_route=\/wp\/v2\/types\/post"}],"author":[{"embeddable":true,"href":"https:\/\/www.ostomaz.si\/index.php?rest_route=\/wp\/v2\/users\/735"}],"replies":[{"embeddable":true,"href":"https:\/\/www.ostomaz.si\/index.php?rest_route=%2Fwp%2Fv2%2Fcomments&post=16877"}],"version-history":[{"count":2,"href":"https:\/\/www.ostomaz.si\/index.php?rest_route=\/wp\/v2\/posts\/16877\/revisions"}],"predecessor-version":[{"id":16881,"href":"https:\/\/www.ostomaz.si\/index.php?rest_route=\/wp\/v2\/posts\/16877\/revisions\/16881"}],"wp:featuredmedia":[{"embeddable":true,"href":"https:\/\/www.ostomaz.si\/index.php?rest_route=\/wp\/v2\/media\/16879"}],"wp:attachment":[{"href":"https:\/\/www.ostomaz.si\/index.php?rest_route=%2Fwp%2Fv2%2Fmedia&parent=16877"}],"wp:term":[{"taxonomy":"category","embeddable":true,"href":"https:\/\/www.ostomaz.si\/index.php?rest_route=%2Fwp%2Fv2%2Fcategories&post=16877"},{"taxonomy":"post_tag","embeddable":true,"href":"https:\/\/www.ostomaz.si\/index.php?rest_route=%2Fwp%2Fv2%2Ftags&post=16877"}],"curies":[{"name":"wp","href":"https:\/\/api.w.org\/{rel}","templated":true}]}}